{"id":1768,"date":"2013-05-20T10:48:28","date_gmt":"2013-05-20T10:48:28","guid":{"rendered":"http:\/\/www.subverso.es\/?p=1768"},"modified":"2013-05-22T11:48:13","modified_gmt":"2013-05-22T11:48:13","slug":"dario-sanchez-carballo","status":"publish","type":"post","link":"http:\/\/www.subverso.es\/?p=1768","title":{"rendered":"Dar\u00edo S\u00e1nchez Carballo"},"content":{"rendered":"<p><code><object width=\"420\" height=\"315\" classid=\"clsid:d27cdb6e-ae6d-11cf-96b8-444553540000\" codebase=\"http:\/\/download.macromedia.com\/pub\/shockwave\/cabs\/flash\/swflash.cab#version=6,0,40,0\"><param name=\"allowFullScreen\" value=\"true\" \/><param name=\"allowscriptaccess\" value=\"always\" \/><param name=\"src\" value=\"http:\/\/www.youtube.com\/v\/9DMp7dcnQOA?version=3&amp;hl=es_ES\" \/><param name=\"allowfullscreen\" value=\"true\" \/><embed width=\"420\" height=\"315\" type=\"application\/x-shockwave-flash\" src=\"http:\/\/www.youtube.com\/v\/9DMp7dcnQOA?version=3&amp;hl=es_ES\" allowFullScreen=\"true\" allowscriptaccess=\"always\" allowfullscreen=\"true\" \/><\/object>\u00a0<\/code><\/p>\n<p>Dar\u00edo S\u00e1nchez Carballo. Poeta y arquitecto. Cofundador y director del peri\u00f3dico de poes\u00eda El Aguij\u00f3n. Colaborador de varias revistas internacionales. Ha sido invitado a los Festivales de poes\u00eda de Bogot\u00e1, de Medell\u00edn. Poemas suyos puden leerse en revistas como Golpe de Dados, Ulrika, Luna de Locos, Prometeo y en peri\u00f3dicos de Nicaragua y Ecuador. Su libro (El Zahir Editorial, 2009) obtuvo menci\u00f3n especial en el Concurso Mar\u00eda Mercedes Carranza del a\u00f1o 2007 y se present\u00f3 en Buenos Aires (Argentina).<\/p>\n","protected":false},"excerpt":{"rendered":"<p>\u00a0 Dar\u00edo S\u00e1nchez Carballo. Poeta y arquitecto. Cofundador y director del peri\u00f3dico de poes\u00eda El Aguij\u00f3n. Colaborador de varias revistas internacionales. Ha sido invitado a los Festivales de poes\u00eda de Bogot\u00e1, de Medell\u00edn. Poemas suyos puden leerse en revistas como Golpe de Dados, Ulrika, Luna de Locos, Prometeo y en peri\u00f3dicos de Nicaragua y Ecuador. Su libro (El Zahir Editorial, 2009) obtuvo menci\u00f3n especial en el Concurso Mar\u00eda Mercedes Carranza del a\u00f1o 2007 y se present\u00f3 en Buenos Aires (Argentina).<\/p>\n","protected":false},"author":1,"featured_media":1769,"comment_status":"open","ping_status":"open","sticky":false,"template":"","format":"standard","meta":{"ngg_post_thumbnail":0},"categories":[12,70],"tags":[],"_links":{"self":[{"href":"http:\/\/www.subverso.es\/index.php?rest_route=\/wp\/v2\/posts\/1768"}],"collection":[{"href":"http:\/\/www.subverso.es\/index.php?rest_route=\/wp\/v2\/posts"}],"about":[{"href":"http:\/\/www.subverso.es\/index.php?rest_route=\/wp\/v2\/types\/post"}],"author":[{"embeddable":true,"href":"http:\/\/www.subverso.es\/index.php?rest_route=\/wp\/v2\/users\/1"}],"replies":[{"embeddable":true,"href":"http:\/\/www.subverso.es\/index.php?rest_route=%2Fwp%2Fv2%2Fcomments&post=1768"}],"version-history":[{"count":5,"href":"http:\/\/www.subverso.es\/index.php?rest_route=\/wp\/v2\/posts\/1768\/revisions"}],"predecessor-version":[{"id":1971,"href":"http:\/\/www.subverso.es\/index.php?rest_route=\/wp\/v2\/posts\/1768\/revisions\/1971"}],"wp:featuredmedia":[{"embeddable":true,"href":"http:\/\/www.subverso.es\/index.php?rest_route=\/wp\/v2\/media\/1769"}],"wp:attachment":[{"href":"http:\/\/www.subverso.es\/index.php?rest_route=%2Fwp%2Fv2%2Fmedia&parent=1768"}],"wp:term":[{"taxonomy":"category","embeddable":true,"href":"http:\/\/www.subverso.es\/index.php?rest_route=%2Fwp%2Fv2%2Fcategories&post=1768"},{"taxonomy":"post_tag","embeddable":true,"href":"http:\/\/www.subverso.es\/index.php?rest_route=%2Fwp%2Fv2%2Ftags&post=1768"}],"curies":[{"name":"wp","href":"https:\/\/api.w.org\/{rel}","templated":true}]}}