{"id":2048,"date":"2013-06-19T07:16:46","date_gmt":"2013-06-19T07:16:46","guid":{"rendered":"http:\/\/www.subverso.es\/?p=2048"},"modified":"2013-06-24T08:22:50","modified_gmt":"2013-06-24T08:22:50","slug":"mauricio-herrero-poemas-de-la-presencia-inasible-de-la-luz","status":"publish","type":"post","link":"http:\/\/www.subverso.es\/?p=2048","title":{"rendered":"Mauricio Herrero, poemas de La presencia inasible de la luz"},"content":{"rendered":"<p><a href=\"http:\/\/www.subverso.es\/wp-content\/uploads\/2013\/06\/Foto-de-Mauricio-Herrero.jpg\"><img loading=\"lazy\" class=\"alignright size-thumbnail wp-image-2125\" alt=\"li 02.jpg\" src=\"http:\/\/www.subverso.es\/wp-content\/uploads\/2013\/06\/Foto-de-Mauricio-Herrero-290x240.jpg\" width=\"290\" height=\"240\" \/><\/a><\/p>\n<p>I<\/p>\n<p>&nbsp;<\/p>\n<p>Me dejaste en la mano un perfume<\/p>\n<p>de sombras cuando cruc\u00e9 la calle<\/p>\n<p>por ra\u00edles de nieve y te llev\u00e9 a la acera<\/p>\n<p>para que te perdieras en medio de la luz,<\/p>\n<p>que te cegaba a ti y a m\u00ed me acorralaba<\/p>\n<p>tras los vanos abiertos de tu nombre.<\/p>\n<p>&nbsp;<\/p>\n<p>\u00bfAd\u00f3nde ibas?<\/p>\n<p>\u00bfA qu\u00e9 lugar<\/p>\n<p>del tiempo de los ciegos?<\/p>\n<p>\u00bfQui\u00e9n te esperaba?<\/p>\n<p>&nbsp;<\/p>\n<p>\u00a1Cu\u00e1ntos d\u00edas te habr\u00e1s entretenido<\/p>\n<p>examinando la piel de las aceras,<\/p>\n<p>los pliegues de las calles apagadas,<\/p>\n<p>las delgadas trampillas del camino,<\/p>\n<p>las agujas de relojes abiertos<\/p>\n<p>a la oscura presencia de las cosas<\/p>\n<p>empolvadas de escarcha,<\/p>\n<p>fr\u00eda como los p\u00e9talos de la luz!<\/p>\n<p>\u00a1Cu\u00e1nto tiempo hasta reconocerte<\/p>\n<p>en la ceguera y adivinar el roce<\/p>\n<p>de las voces, el tacto del silencio,<\/p>\n<p>el murmullo de pasos sobre el agua,<\/p>\n<p>el crepitar encendido de la arena!<\/p>\n<p>\u00a1Cu\u00e1nto tiempo para perderte<\/p>\n<p>en los huecos vac\u00edos de un candil!<\/p>\n<p>&nbsp;<\/p>\n<p>\u00bfPor qu\u00e9 no te segu\u00ed para decirte<\/p>\n<p>que en el iris desmayado de tus ojos<\/p>\n<p>encontr\u00e9 agazapada la mudanza<\/p>\n<p>de un tiempo que a\u00fan no sab\u00eda<\/p>\n<p>que se estaba pasando?<\/p>\n<p>&nbsp;<\/p>\n<p>En la fr\u00e1gil pupila de tus manos<\/p>\n<p>se adivinaba el resplandor del d\u00eda.<\/p>\n<p>&nbsp;<\/p>\n<p>III<\/p>\n<p>&nbsp;<\/p>\n<p>La piel de las aceras se estremece<\/p>\n<p>cuando la tocas con el bast\u00f3n de espuma<\/p>\n<p>repasando en su plana geograf\u00eda<\/p>\n<p>las huidizas estr\u00edas de la luz.<\/p>\n<p>&nbsp;<\/p>\n<p>La piel de las aceras<\/p>\n<p>(todas iguales<\/p>\n<p>y todas tan distintas),<\/p>\n<p>el damero donde apuestan<\/p>\n<p>su suerte los mendigos,<\/p>\n<p>prenden sus besos los voraces amantes<\/p>\n<p>y anuncian su final los suicidas.<\/p>\n<p>&nbsp;<\/p>\n<p>La piel de las aceras apagada en invierno,<\/p>\n<p>cuando los d\u00edas parecen esqueletos<\/p>\n<p>desnudos sobre el agua,<\/p>\n<p>esqueletos\u00a0 de un tiempo de ceniza<\/p>\n<p>tallada en las aristas de las horas,<\/p>\n<p>ce\u00f1idas por arcadas de plegarias<\/p>\n<p>y vigilias de siglos<\/p>\n<p>que van dejando sus ecos suspendidos<\/p>\n<p>en medio del silencio<\/p>\n<p>que se pierde en el viento,<\/p>\n<p>sobre la costra de los adoquines,<\/p>\n<p>donde las piedras se lamen las heridas.<\/p>\n<p>&nbsp;<\/p>\n<p>La piel de las aceras,<\/p>\n<p>el bastidor de roca<\/p>\n<p>que soporta las sombras<\/p>\n<p>de calles desecadas,<\/p>\n<p>tortuosas,<\/p>\n<p>cerradas a la luz,<\/p>\n<p>inquietas de memorias cocinadas<\/p>\n<p>en la quietud de las vasijas<\/p>\n<p>a la ca\u00edda de la tarde.<\/p>\n<p>&nbsp;<\/p>\n<p>La vida en la piel de las aceras,<\/p>\n<p>un frenes\u00ed cercado por la noche<\/p>\n<p>que deshace la gracia de tu mano.<\/p>\n<p>&nbsp;<\/p>\n<p>VII<\/p>\n<p>&nbsp;<\/p>\n<p>El peso de la luz<\/p>\n<p>no es siempre el mismo.<\/p>\n<p>&nbsp;<\/p>\n<p>Cuando toques los d\u00edas del invierno<\/p>\n<p>y te quemes las manos con la lluvia<\/p>\n<p>que empapa de nostalgia<\/p>\n<p>la ra\u00edda memoria de los besos,<\/p>\n<p>cuando roces los labios<\/p>\n<p>de tu \u00faltimo amante<\/p>\n<p>y te quede en la boca<\/p>\n<p>el intenso sabor de la distancia,<\/p>\n<p>cuando cruces la calle<\/p>\n<p>y te tropieces con los restos<\/p>\n<p>de alg\u00fan d\u00eda de abril<\/p>\n<p>perdido por la prisa en las sentinas,<\/p>\n<p>o cuando te abandones a la suerte<\/p>\n<p>de saberte espiada<\/p>\n<p>en mitad de un camino<\/p>\n<p>empedrado con el azogue<\/p>\n<p>que alumbra los espejos,<\/p>\n<p>cargar\u00e1s con una luz cada d\u00eda distinta:<\/p>\n<p>ligera algunas veces,<\/p>\n<p>como los sue\u00f1os de las lib\u00e9lulas<\/p>\n<p>que vuelan alrededor de tu cabeza;<\/p>\n<p>pesada otras,<\/p>\n<p>como el agua de lluvia<\/p>\n<p>que cae sobre el paraguas<\/p>\n<p>que te abriga de las gotas<\/p>\n<p>pintadas con los colores<\/p>\n<p>imaginados del arco\u00edris.<\/p>\n<p>&nbsp;<\/p>\n<p>El peso de la luz<\/p>\n<p>nunca es el mismo:<\/p>\n<p>lo sabr\u00e1s cuando el agua<\/p>\n<p>se quede detenida en el fr\u00edo<\/p>\n<p>y camines descalza sobre el hielo<\/p>\n<p>que hace duros los d\u00edas;<\/p>\n<p>lo sabr\u00e1s cuando pises sin quererlo<\/p>\n<p>las cenizas de un d\u00eda hecho de oto\u00f1o<\/p>\n<p>y sientas c\u00f3mo se rompe el aire<\/p>\n<p>y atraviesa las sombras de las hojas<\/p>\n<p>ca\u00eddas de los \u00e1rboles,<\/p>\n<p>ateridas sobre las aceras<\/p>\n<p>heladas al amanecer.<\/p>\n<p>&nbsp;<\/p>\n<p>De <i>La presencia inasible de la luz<\/i> (2011)<\/p>\n<p>&nbsp;<\/p>\n","protected":false},"excerpt":{"rendered":"<p>I &nbsp; Me dejaste en la mano un perfume de sombras cuando cruc\u00e9 la calle por ra\u00edles de nieve y te llev\u00e9 a la acera para que te perdieras en medio de la luz, que te cegaba a ti y a m\u00ed me acorralaba tras los vanos abiertos de tu nombre. &nbsp; \u00bfAd\u00f3nde ibas? \u00bfA qu\u00e9 lugar del tiempo de los ciegos? \u00bfQui\u00e9n te esperaba? &nbsp; \u00a1Cu\u00e1ntos d\u00edas te habr\u00e1s entretenido examinando la piel de las aceras, los pliegues de las calles apagadas, las delgadas trampillas del camino, las agujas de relojes abiertos a la oscura presencia de las cosas empolvadas de escarcha, fr\u00eda como los p\u00e9talos de la luz! \u00a1Cu\u00e1nto tiempo hasta reconocerte en la ceguera y adivinar el roce de las voces, el tacto del silencio, el murmullo de pasos sobre el agua, el crepitar encendido de la arena! \u00a1Cu\u00e1nto tiempo para perderte en los huecos vac\u00edos de un candil! &nbsp; \u00bfPor qu\u00e9 no te segu\u00ed para decirte que en el iris desmayado de tus ojos encontr\u00e9 agazapada la mudanza de un tiempo que a\u00fan no sab\u00eda que se estaba pasando? &nbsp; En la fr\u00e1gil pupila de tus manos se adivinaba el resplandor del d\u00eda. &nbsp; III &nbsp; [&hellip;]<\/p>\n","protected":false},"author":4,"featured_media":2125,"comment_status":"open","ping_status":"open","sticky":false,"template":"","format":"standard","meta":{"ngg_post_thumbnail":0},"categories":[61,46],"tags":[],"_links":{"self":[{"href":"http:\/\/www.subverso.es\/index.php?rest_route=\/wp\/v2\/posts\/2048"}],"collection":[{"href":"http:\/\/www.subverso.es\/index.php?rest_route=\/wp\/v2\/posts"}],"about":[{"href":"http:\/\/www.subverso.es\/index.php?rest_route=\/wp\/v2\/types\/post"}],"author":[{"embeddable":true,"href":"http:\/\/www.subverso.es\/index.php?rest_route=\/wp\/v2\/users\/4"}],"replies":[{"embeddable":true,"href":"http:\/\/www.subverso.es\/index.php?rest_route=%2Fwp%2Fv2%2Fcomments&post=2048"}],"version-history":[{"count":7,"href":"http:\/\/www.subverso.es\/index.php?rest_route=\/wp\/v2\/posts\/2048\/revisions"}],"predecessor-version":[{"id":2127,"href":"http:\/\/www.subverso.es\/index.php?rest_route=\/wp\/v2\/posts\/2048\/revisions\/2127"}],"wp:featuredmedia":[{"embeddable":true,"href":"http:\/\/www.subverso.es\/index.php?rest_route=\/wp\/v2\/media\/2125"}],"wp:attachment":[{"href":"http:\/\/www.subverso.es\/index.php?rest_route=%2Fwp%2Fv2%2Fmedia&parent=2048"}],"wp:term":[{"taxonomy":"category","embeddable":true,"href":"http:\/\/www.subverso.es\/index.php?rest_route=%2Fwp%2Fv2%2Fcategories&post=2048"},{"taxonomy":"post_tag","embeddable":true,"href":"http:\/\/www.subverso.es\/index.php?rest_route=%2Fwp%2Fv2%2Ftags&post=2048"}],"curies":[{"name":"wp","href":"https:\/\/api.w.org\/{rel}","templated":true}]}}