{"id":2538,"date":"2013-11-04T11:02:38","date_gmt":"2013-11-04T11:02:38","guid":{"rendered":"http:\/\/www.subverso.es\/?p=2538"},"modified":"2013-12-23T19:19:19","modified_gmt":"2013-12-23T19:19:19","slug":"en-minusculas-de-pilar-rubio-montaner","status":"publish","type":"post","link":"http:\/\/www.subverso.es\/?p=2538","title":{"rendered":"en min\u00fasculas, de Pilar Rubio Montaner"},"content":{"rendered":"<p><i><a href=\"http:\/\/www.subverso.es\/wp-content\/uploads\/2013\/11\/En-minusculas.jpg\"><img loading=\"lazy\" class=\"alignnone size-large wp-image-2539\" alt=\"En minusculas\" src=\"http:\/\/www.subverso.es\/wp-content\/uploads\/2013\/11\/En-minusculas-227x330.jpg\" width=\"227\" height=\"330\" srcset=\"http:\/\/www.subverso.es\/wp-content\/uploads\/2013\/11\/En-minusculas-227x330.jpg 227w, http:\/\/www.subverso.es\/wp-content\/uploads\/2013\/11\/En-minusculas.jpg 1713w\" sizes=\"(max-width: 227px) 100vw, 227px\" \/><\/a>en min\u00fasculas<\/i><b><i>,<\/i><\/b><i> <\/i>de Pilar Rubio Montaner, completa junto a <i>T\u00edmidas existencias<\/i> y <i>Vidas peque\u00f1as<\/i> una trilog\u00eda de narrativa po\u00e9tica dedicada a las historias m\u00ednimas que dan aliento l\u00edrico a nuestra cotidianidad prosaica. El protagonismo lo adquieren aquellos que nos rodean en el d\u00eda a d\u00eda, rostros sin nombre que no dejar\u00e1n rastro alguno. Retazos de existencias fugaces en los que tambi\u00e9n encuentran su sitio los poemas fotografiados que ocupan la tercera y \u00faltima secci\u00f3n \u201cya s\u00f3lo habitaciones\u201d.<\/p>\n<p>Los dos primeros apartados del libro contienen piezas escoltadas por citas literarias, cinematogr\u00e1ficas o an\u00f3nimos encontrados en la calle que funcionan como pretextos reivindicando la literatura como di\u00e1logo intertextual, sin importar que la referencia sea culta, pop, coloquial o period\u00edstica. La escritura fragmentaria de Pilar Rubio Montaner huye de la primera persona, se aleja de modismos y de sentimentalismos; no pretende reflejar la vida, sino mostrar que la literatura forma parte de la misma, su maleabilidad y artificiosidad son rasgos de una pulsi\u00f3n org\u00e1nica que nos mira a los ojos y nos recuerda que <i>en min\u00fasculas<\/i> no es s\u00f3lo una elecci\u00f3n ortotipogr\u00e1fica.<\/p>\n<p>&nbsp;<\/p>\n<p>Javier Alonso Prieto<\/p>\n","protected":false},"excerpt":{"rendered":"<p>en min\u00fasculas, de Pilar Rubio Montaner, completa junto a T\u00edmidas existencias y Vidas peque\u00f1as una trilog\u00eda de narrativa po\u00e9tica dedicada a las historias m\u00ednimas que dan aliento l\u00edrico a nuestra cotidianidad prosaica. El protagonismo lo adquieren aquellos que nos rodean en el d\u00eda a d\u00eda, rostros sin nombre que no dejar\u00e1n rastro alguno. Retazos de existencias fugaces en los que tambi\u00e9n encuentran su sitio los poemas fotografiados que ocupan la tercera y \u00faltima secci\u00f3n \u201cya s\u00f3lo habitaciones\u201d. Los dos primeros apartados del libro contienen piezas escoltadas por citas literarias, cinematogr\u00e1ficas o an\u00f3nimos encontrados en la calle que funcionan como pretextos reivindicando la literatura como di\u00e1logo intertextual, sin importar que la referencia sea culta, pop, coloquial o period\u00edstica. La escritura fragmentaria de Pilar Rubio Montaner huye de la primera persona, se aleja de modismos y de sentimentalismos; no pretende reflejar la vida, sino mostrar que la literatura forma parte de la misma, su maleabilidad y artificiosidad son rasgos de una pulsi\u00f3n org\u00e1nica que nos mira a los ojos y nos recuerda que en min\u00fasculas no es s\u00f3lo una elecci\u00f3n ortotipogr\u00e1fica. &nbsp; Javier Alonso Prieto<\/p>\n","protected":false},"author":1,"featured_media":2539,"comment_status":"open","ping_status":"open","sticky":false,"template":"","format":"standard","meta":{"ngg_post_thumbnail":0},"categories":[13,61,46],"tags":[173,16,172],"_links":{"self":[{"href":"http:\/\/www.subverso.es\/index.php?rest_route=\/wp\/v2\/posts\/2538"}],"collection":[{"href":"http:\/\/www.subverso.es\/index.php?rest_route=\/wp\/v2\/posts"}],"about":[{"href":"http:\/\/www.subverso.es\/index.php?rest_route=\/wp\/v2\/types\/post"}],"author":[{"embeddable":true,"href":"http:\/\/www.subverso.es\/index.php?rest_route=\/wp\/v2\/users\/1"}],"replies":[{"embeddable":true,"href":"http:\/\/www.subverso.es\/index.php?rest_route=%2Fwp%2Fv2%2Fcomments&post=2538"}],"version-history":[{"count":1,"href":"http:\/\/www.subverso.es\/index.php?rest_route=\/wp\/v2\/posts\/2538\/revisions"}],"predecessor-version":[{"id":2540,"href":"http:\/\/www.subverso.es\/index.php?rest_route=\/wp\/v2\/posts\/2538\/revisions\/2540"}],"wp:featuredmedia":[{"embeddable":true,"href":"http:\/\/www.subverso.es\/index.php?rest_route=\/wp\/v2\/media\/2539"}],"wp:attachment":[{"href":"http:\/\/www.subverso.es\/index.php?rest_route=%2Fwp%2Fv2%2Fmedia&parent=2538"}],"wp:term":[{"taxonomy":"category","embeddable":true,"href":"http:\/\/www.subverso.es\/index.php?rest_route=%2Fwp%2Fv2%2Fcategories&post=2538"},{"taxonomy":"post_tag","embeddable":true,"href":"http:\/\/www.subverso.es\/index.php?rest_route=%2Fwp%2Fv2%2Ftags&post=2538"}],"curies":[{"name":"wp","href":"https:\/\/api.w.org\/{rel}","templated":true}]}}