{"id":3577,"date":"2015-12-09T08:53:09","date_gmt":"2015-12-09T08:53:09","guid":{"rendered":"http:\/\/www.subverso.es\/?p=3577"},"modified":"2015-12-09T08:53:09","modified_gmt":"2015-12-09T08:53:09","slug":"quien-disparo-parte-ii-por-enrique-alonso","status":"publish","type":"post","link":"http:\/\/www.subverso.es\/?p=3577","title":{"rendered":"QUI\u00c9N DISPAR\u00d3 parte II, por Enrique Alonso"},"content":{"rendered":"<p><a href=\"http:\/\/www.subverso.es\/wp-content\/uploads\/2015\/12\/3-Cuatro-dias-en-el-infierno-II.jpg\"><img loading=\"lazy\" class=\"wp-image-3578 aligncenter\" src=\"http:\/\/www.subverso.es\/wp-content\/uploads\/2015\/12\/3-Cuatro-dias-en-el-infierno-II-221x330.jpg\" alt=\"3 Cuatro dias en el infierno II\" width=\"187\" height=\"279\" srcset=\"http:\/\/www.subverso.es\/wp-content\/uploads\/2015\/12\/3-Cuatro-dias-en-el-infierno-II-221x330.jpg 221w, http:\/\/www.subverso.es\/wp-content\/uploads\/2015\/12\/3-Cuatro-dias-en-el-infierno-II.jpg 778w\" sizes=\"(max-width: 187px) 100vw, 187px\" \/><\/a><\/p>\n<p>\u00bfQui\u00e9n mat\u00f3 a Ant\u00f3n del Olmet? \u201c<em>Lo mataron los invisibles. O, si se quiere, se mat\u00f3 \u00e9l<\/em>\u201d<a href=\"#_ftn1\" name=\"_ftnref1\">[1]<\/a>, seg\u00fan la conclusi\u00f3n de Pedro Luis G\u00e1lvez. La prensa recoge el suceso con todos los matices de amarillo que se puedan imaginar, desde las condolencias del Heraldo de Madrid donde Ant\u00f3n del Olmet era colaborador, hasta la metedura de pata que hubo a la seis de la tarde cuando, tras el consejo de ministros, se confundieron las identidades de los protagonistas, lo que oblig\u00f3 al ministro de marina, una vez resuelta la confusi\u00f3n, a dar el m\u00e1s sentido p\u00e9same a la viuda, hija del general Aznar que hab\u00eda ocupado puestos de responsabilidad en distintos gobiernos. Lo que s\u00ed parece cierto es que desde un primer momento se levant\u00f3 una corriente de simpat\u00eda hacia Vidal y Planas, sentimiento que fue creciendo con el tiempo e influyo en las decisiones judiciales que rodearon el caso. El asesino confeso es llevado a la c\u00e1rcel y \u00e9l mismo nos narra esa experiencia en \u201cCuatro d\u00edas en el infierno<a href=\"#_ftn2\" name=\"_ftnref2\">[2]<\/a>\u201d por Artemio Precioso que, en la secci\u00f3n \u201cA Manera de Pr\u00f3logo\u201d en la que habitualmente hac\u00eda un perfil del autor o entrevistas sobre temas de actualidad con fines apolog\u00e9ticos, comienza la defensa de Vidal y Planas. Y es precisamente otro autor de La Novela de Hoy, Alberto Valero Mart\u00edn, abogado de profesi\u00f3n, quien representa al acusado. Un hombre que aprovech\u00f3 sus \u00ednfulas literarias para representar a los autores reprimidos por la dictadura de Primo de Rivera y que utiliz\u00f3 a Vidal y Planas para publicar alguna de sus obras en las que hac\u00eda un paralelismo con el caso, lo que no cay\u00f3 especialmente bien en el mundillo literario.<\/p>\n<p>Artemio Precioso parece que es el \u00fanico que cree sinceramente en la inocencia de Vidal y Planas, de hecho es el testigo de la boda de \u00e9ste con Elena Manzanares en la prisi\u00f3n. Una boda en la que todo el mundo convino ver una estrategia de la defensa, un matrimonio que dur\u00f3 cuarenta a\u00f1os y termin\u00f3 con la muerte de \u00e9l. Y aqu\u00ed tenemos que introducir al personaje clave de la tragedia, la prostituta por la que supuestamente se pelearon los dos \u201camigos\u201d. La amistad de Ant\u00f3n del Olmet nunca fue desinteresada, siempre hab\u00eda tras su apret\u00f3n de manos la intenci\u00f3n de estrujar y sacar dinero, su amistad aparece con el \u00e9xito de \u201cSanta Isabel de Ceres\u201d<a href=\"#_ftn3\" name=\"_ftnref3\">[3]<\/a> y desaparece en cuanto el p\u00fablico le da la espalda. Algunas recreaciones fantasiosas quieren ver la vida de Elena Manzanares en la novela que le dio popularidad a Vidal y Planas, pero los hechos narrados por los protagonistas coinciden en que fueron presentados por Luis Ant\u00f3n del Olmet despu\u00e9s del \u00e9xito de la adaptaci\u00f3n teatral. Vidal y Planas, que hab\u00eda conocido la c\u00e1rcel desde muy joven y siempre viv\u00eda al borde de la miseria, se enamor\u00f3 con af\u00e1n redentor de Elena, una culminaci\u00f3n a su literatura de arrabal; Luis Ant\u00f3n del Olmet, se\u00f1or formal, felizmente casado, con mantenida a su cargo, ex diputado en la bancada de Dato, mon\u00e1rquico o bolchevista seg\u00fan soplasen los vientos, viv\u00eda enamorado de s\u00ed mismo. Extra\u00f1a amistad. Se ha insistido en la superioridad literaria de Ant\u00f3n del Olmet sobre Vidal y Planas, sobre los celos, sobre el temperamento de ambos, pero es dif\u00edcil saber si alguna de esas causas o la suma de\u00a0 todas fueron el detonante de los hechos del Eslava.<\/p>\n<p>Literariamente los dos conocen el \u00e9xito y el fracaso, con obras tan circunstanciales que dif\u00edcilmente se pueden evaluar con teor\u00edas literarias actuales, aunque basta mirar las fechas para ver que Ant\u00f3n del Olmet iba a la zaga de Vidal y Planas. Si \u00e9ste triunfaba con un drama de prostituci\u00f3n el otro inmediatamente escrib\u00eda sobre el tema, si un autor ten\u00eda el favor del p\u00fablico Ant\u00f3n del Olmet se ofrec\u00eda a colaborar con \u00e9l, realmente se aprovech\u00f3 de la fama de su asesino para proponerle escribir conjuntamente \u201cEl se\u00f1orito Ladislao\u201d, un rotundo fracaso. As\u00ed lo hizo con Pedro Luis G\u00e1lvez, al que rob\u00f3 la autor\u00eda de una obra, por lo que no es de extra\u00f1ar la simpat\u00eda de \u00e9ste con Vidal y Planas. Posiblemente aqu\u00ed est\u00e9 la clave de su muerte, con la soberbia que le caracterizaba arremeti\u00f3 contra los cr\u00edticos teatrales en t\u00e9rminos insultantes. Cuando la siguiente obra de Vidal y Planas \u201cLos gorriones del Prado\u201d<a href=\"#_ftn4\" name=\"_ftnref4\">[4]<\/a>, superior literariamente a \u201cSanta Isabel de Ceres\u201d, es vapuleada por la cr\u00edtica y pateada por el p\u00fablico, el inestable escritor responsabiliza a Ant\u00f3n del Olmet del fracaso por su enfrentamiento con la prensa. La relaci\u00f3n entre ambos se deteriora, aunque siguen colaborando juntos; la noche antes del fatal disparo Vidal y Planas le entrega el primer acto de un nuevo drama que est\u00e1 escribiendo y su presencia en el Eslava al d\u00eda siguiente, seg\u00fan su testimonio en el juicio, era para que le devolviese el manuscrito. Pero la pelea no la desencadena ninguna diferencia literaria si no la pasada relaci\u00f3n de Elena con Ant\u00f3n del Olmet y el desprecio que \u00e9ste utiliza al referirse a ella.<\/p>\n<p>El caso Eslava se convierte en un subg\u00e9nero literario, el abogado de Vidal y Planas, Valero Mart\u00edn, publica \u201c\u00a1No Mataras!<a href=\"#_ftn5\" name=\"_ftnref5\">[5]<\/a>\u201d; el encausado \u201cPapeles de un loco\u201d<a href=\"#_ftn6\" name=\"_ftnref6\">[6]<\/a>, que lejos de ser una confesi\u00f3n, como han querido ver algunos, es una ficci\u00f3n basada en su propia experiencia; Artemio precioso, al que Ant\u00f3n del Olmet le hab\u00eda amenazado con iniciar una campa\u00f1a contra \u00e9l si no publicaba sus obras en \u201cla Novela de Hoy\u201d, pone la plataforma literaria para defender a Vidal y Planas\u2026 Y de paso introduce en sus novelas situaciones inspiradas en el caso. Lejos de las luces y las sombras, con las que explicamos el mundo perfecto, aqu\u00ed nos encontramos con una especie de cocido madrile\u00f1o, con una amalgama de texturas y sabores que la miseria a\u00f1adi\u00f3 a la receta original, y cuyo resultado es est\u00e9ticamente feo pero sabroso.<\/p>\n<p><a href=\"http:\/\/www.subverso.es\/wp-content\/uploads\/2015\/12\/3-Valero-II.gif\"><img loading=\"lazy\" class=\"wp-image-3579 aligncenter\" src=\"http:\/\/www.subverso.es\/wp-content\/uploads\/2015\/12\/3-Valero-II-302x330.gif\" alt=\"3 Valero II\" width=\"229\" height=\"250\" \/><\/a><\/p>\n<p><a href=\"#_ftnref1\" name=\"_ftn1\">[1]<\/a> Semanario \u201cEl Esc\u00e1ndalo\u201d, Barcelona, 20 de Mayo de 1926, art\u00edculo de Pedro Luis G\u00e1lvez<\/p>\n<p><a href=\"#_ftnref2\" name=\"_ftn2\">[2]<\/a> Publicada el 4 de mayo de 1923en \u201cLa Novela de Hoy\u201d<\/p>\n<p><a href=\"#_ftnref3\" name=\"_ftn3\">[3]<\/a> Publicaciones Mundial, 1929; hay una gran variedad de ediciones de esta obra.<\/p>\n<p><a href=\"#_ftnref4\" name=\"_ftn4\">[4]<\/a> Alfonso Vidal y Planas, 1923, edici\u00f3n del autor<\/p>\n<p><a href=\"#_ftnref5\" name=\"_ftn5\">[5]<\/a> \u00a1No matar\u00e1s!: drama espa\u00f1ol en tres actos, subdividido el \u00faltimo en dos cuadros, Ed. Prensa Popular, 1924. En colaboraci\u00f3n con Alfonso Vidal Planas<\/p>\n<p><a href=\"#_ftnref6\" name=\"_ftn6\">[6]<\/a> Alfonso Vidal y Planas, La novela de Hoy, 11 de abril de 1924<\/p>\n","protected":false},"excerpt":{"rendered":"<p>\u00bfQui\u00e9n mat\u00f3 a Ant\u00f3n del Olmet? \u201cLo mataron los invisibles. O, si se quiere, se mat\u00f3 \u00e9l\u201d[1], seg\u00fan la conclusi\u00f3n de Pedro Luis G\u00e1lvez. La prensa recoge el suceso con todos los matices de amarillo que se puedan imaginar, desde las condolencias del Heraldo de Madrid donde Ant\u00f3n del Olmet era colaborador, hasta la metedura de pata que hubo a la seis de la tarde cuando, tras el consejo de ministros, se confundieron las identidades de los protagonistas, lo que oblig\u00f3 al ministro de marina, una vez resuelta la confusi\u00f3n, a dar el m\u00e1s sentido p\u00e9same a la viuda, hija del general Aznar que hab\u00eda ocupado puestos de responsabilidad en distintos gobiernos. Lo que s\u00ed parece cierto es que desde un primer momento se levant\u00f3 una corriente de simpat\u00eda hacia Vidal y Planas, sentimiento que fue creciendo con el tiempo e influyo en las decisiones judiciales que rodearon el caso. El asesino confeso es llevado a la c\u00e1rcel y \u00e9l mismo nos narra esa experiencia en \u201cCuatro d\u00edas en el infierno[2]\u201d por Artemio Precioso que, en la secci\u00f3n \u201cA Manera de Pr\u00f3logo\u201d en la que habitualmente hac\u00eda un perfil del autor o entrevistas sobre temas de actualidad con fines apolog\u00e9ticos, [&hellip;]<\/p>\n","protected":false},"author":2208,"featured_media":3578,"comment_status":"open","ping_status":"open","sticky":false,"template":"","format":"standard","meta":{"ngg_post_thumbnail":0},"categories":[13,45,60],"tags":[380,346,381,378,379],"_links":{"self":[{"href":"http:\/\/www.subverso.es\/index.php?rest_route=\/wp\/v2\/posts\/3577"}],"collection":[{"href":"http:\/\/www.subverso.es\/index.php?rest_route=\/wp\/v2\/posts"}],"about":[{"href":"http:\/\/www.subverso.es\/index.php?rest_route=\/wp\/v2\/types\/post"}],"author":[{"embeddable":true,"href":"http:\/\/www.subverso.es\/index.php?rest_route=\/wp\/v2\/users\/2208"}],"replies":[{"embeddable":true,"href":"http:\/\/www.subverso.es\/index.php?rest_route=%2Fwp%2Fv2%2Fcomments&post=3577"}],"version-history":[{"count":1,"href":"http:\/\/www.subverso.es\/index.php?rest_route=\/wp\/v2\/posts\/3577\/revisions"}],"predecessor-version":[{"id":3580,"href":"http:\/\/www.subverso.es\/index.php?rest_route=\/wp\/v2\/posts\/3577\/revisions\/3580"}],"wp:featuredmedia":[{"embeddable":true,"href":"http:\/\/www.subverso.es\/index.php?rest_route=\/wp\/v2\/media\/3578"}],"wp:attachment":[{"href":"http:\/\/www.subverso.es\/index.php?rest_route=%2Fwp%2Fv2%2Fmedia&parent=3577"}],"wp:term":[{"taxonomy":"category","embeddable":true,"href":"http:\/\/www.subverso.es\/index.php?rest_route=%2Fwp%2Fv2%2Fcategories&post=3577"},{"taxonomy":"post_tag","embeddable":true,"href":"http:\/\/www.subverso.es\/index.php?rest_route=%2Fwp%2Fv2%2Ftags&post=3577"}],"curies":[{"name":"wp","href":"https:\/\/api.w.org\/{rel}","templated":true}]}}