{"id":3736,"date":"2016-06-02T07:51:40","date_gmt":"2016-06-02T07:51:40","guid":{"rendered":"http:\/\/www.subverso.es\/?p=3736"},"modified":"2016-06-02T07:51:40","modified_gmt":"2016-06-02T07:51:40","slug":"la-senda-de-las-espigas-de-boris-rozas","status":"publish","type":"post","link":"http:\/\/www.subverso.es\/?p=3736","title":{"rendered":"La senda de las espigas, de Boris Rozas"},"content":{"rendered":"<p><a href=\"http:\/\/www.subverso.es\/wp-content\/uploads\/2016\/06\/Portada-La-senda-de-las-espigas.jpg\"><img loading=\"lazy\" class=\"wp-image-3738 aligncenter\" src=\"http:\/\/www.subverso.es\/wp-content\/uploads\/2016\/06\/Portada-La-senda-de-las-espigas-203x330.jpg\" alt=\"Portada La senda de las espigas\" width=\"183\" height=\"297\" srcset=\"http:\/\/www.subverso.es\/wp-content\/uploads\/2016\/06\/Portada-La-senda-de-las-espigas-203x330.jpg 203w, http:\/\/www.subverso.es\/wp-content\/uploads\/2016\/06\/Portada-La-senda-de-las-espigas.jpg 1530w\" sizes=\"(max-width: 183px) 100vw, 183px\" \/><\/a><\/p>\n<p>Tiempo de detenerse por un instante a contemplar el camino recorrido, con la mirada del que a\u00fan piensa que tiene casi todo por recorrer: Valladolid, Salamanca, Segovia, Martos, Laguna de Duero, Due\u00f1as, Ferrol, Zaragoza, Barcelona, Ermua, Miami, Cali, Pe\u00f1aranda de Bracamonte, Avellaneda, Buenos Aires, Astorga, Segovia, Islas Malvinas, Bilbao, Sevilla, Uruguay, Nueva York, Cuenca de Campos, M\u00e9jico DF, Le\u00f3n, Valladolid\u2026<\/p>\n<p>Por esta abierta e infinita senda de las espigas, discurren de la mano el fuego del verso y la mirada po\u00e9tica del hombre que intenta manejarse sutilmente a dos niveles: primero como padre y ser humano, despu\u00e9s como fiel hacedor de castillos en el aire o en papel en blanco, seguro a estas alturas de que s\u00f3lo existe la incertidumbre.<\/p>\n<p>Boris Rozas presentar\u00e1 su libro el 17\/6 (12 h.) en la Sala Experimental del Teatro Zorrilla, dentro de la programaci\u00f3n de la Feria del Libro. Y el 1\/7 en el jard\u00edn de la Casa de Zorrilla, a partir de las ocho de la tarde.<\/p>\n<p><a href=\"http:\/\/www.subverso.es\/wp-content\/uploads\/2016\/06\/Cubierta-La-senda-de-las-espigas.jpg\"><img loading=\"lazy\" class=\"wp-image-3737 aligncenter\" src=\"http:\/\/www.subverso.es\/wp-content\/uploads\/2016\/06\/Cubierta-La-senda-de-las-espigas-330x261.jpg\" alt=\"Cubierta La senda de las espigas\" width=\"310\" height=\"245\" \/><\/a><\/p>\n","protected":false},"excerpt":{"rendered":"<p>Tiempo de detenerse por un instante a contemplar el camino recorrido, con la mirada del que a\u00fan piensa que tiene casi todo por recorrer: Valladolid, Salamanca, Segovia, Martos, Laguna de Duero, Due\u00f1as, Ferrol, Zaragoza, Barcelona, Ermua, Miami, Cali, Pe\u00f1aranda de Bracamonte, Avellaneda, Buenos Aires, Astorga, Segovia, Islas Malvinas, Bilbao, Sevilla, Uruguay, Nueva York, Cuenca de Campos, M\u00e9jico DF, Le\u00f3n, Valladolid\u2026 Por esta abierta e infinita senda de las espigas, discurren de la mano el fuego del verso y la mirada po\u00e9tica del hombre que intenta manejarse sutilmente a dos niveles: primero como padre y ser humano, despu\u00e9s como fiel hacedor de castillos en el aire o en papel en blanco, seguro a estas alturas de que s\u00f3lo existe la incertidumbre. Boris Rozas presentar\u00e1 su libro el 17\/6 (12 h.) en la Sala Experimental del Teatro Zorrilla, dentro de la programaci\u00f3n de la Feria del Libro. Y el 1\/7 en el jard\u00edn de la Casa de Zorrilla, a partir de las ocho de la tarde.<\/p>\n","protected":false},"author":2208,"featured_media":3738,"comment_status":"open","ping_status":"open","sticky":false,"template":"","format":"standard","meta":{"ngg_post_thumbnail":0},"categories":[13,46,60],"tags":[449,447,446,16,304,448],"_links":{"self":[{"href":"http:\/\/www.subverso.es\/index.php?rest_route=\/wp\/v2\/posts\/3736"}],"collection":[{"href":"http:\/\/www.subverso.es\/index.php?rest_route=\/wp\/v2\/posts"}],"about":[{"href":"http:\/\/www.subverso.es\/index.php?rest_route=\/wp\/v2\/types\/post"}],"author":[{"embeddable":true,"href":"http:\/\/www.subverso.es\/index.php?rest_route=\/wp\/v2\/users\/2208"}],"replies":[{"embeddable":true,"href":"http:\/\/www.subverso.es\/index.php?rest_route=%2Fwp%2Fv2%2Fcomments&post=3736"}],"version-history":[{"count":1,"href":"http:\/\/www.subverso.es\/index.php?rest_route=\/wp\/v2\/posts\/3736\/revisions"}],"predecessor-version":[{"id":3739,"href":"http:\/\/www.subverso.es\/index.php?rest_route=\/wp\/v2\/posts\/3736\/revisions\/3739"}],"wp:featuredmedia":[{"embeddable":true,"href":"http:\/\/www.subverso.es\/index.php?rest_route=\/wp\/v2\/media\/3738"}],"wp:attachment":[{"href":"http:\/\/www.subverso.es\/index.php?rest_route=%2Fwp%2Fv2%2Fmedia&parent=3736"}],"wp:term":[{"taxonomy":"category","embeddable":true,"href":"http:\/\/www.subverso.es\/index.php?rest_route=%2Fwp%2Fv2%2Fcategories&post=3736"},{"taxonomy":"post_tag","embeddable":true,"href":"http:\/\/www.subverso.es\/index.php?rest_route=%2Fwp%2Fv2%2Ftags&post=3736"}],"curies":[{"name":"wp","href":"https:\/\/api.w.org\/{rel}","templated":true}]}}