{"id":3742,"date":"2016-06-09T08:16:35","date_gmt":"2016-06-09T08:16:35","guid":{"rendered":"http:\/\/www.subverso.es\/?p=3742"},"modified":"2016-06-09T08:16:35","modified_gmt":"2016-06-09T08:16:35","slug":"pez-en-la-tierra-de-margarita-ferreras","status":"publish","type":"post","link":"http:\/\/www.subverso.es\/?p=3742","title":{"rendered":"\u00abPez en la tierra\u00bb, de Margarita Ferreras"},"content":{"rendered":"<p><a href=\"http:\/\/www.subverso.es\/wp-content\/uploads\/2016\/06\/PezEnLaTierra.png\"><img loading=\"lazy\" class=\"wp-image-3743  aligncenter\" src=\"http:\/\/www.subverso.es\/wp-content\/uploads\/2016\/06\/PezEnLaTierra-216x330.png\" alt=\"PezEnLaTierra\" width=\"208\" height=\"318\" srcset=\"http:\/\/www.subverso.es\/wp-content\/uploads\/2016\/06\/PezEnLaTierra-216x330.png 216w, http:\/\/www.subverso.es\/wp-content\/uploads\/2016\/06\/PezEnLaTierra.png 436w\" sizes=\"(max-width: 208px) 100vw, 208px\" \/><\/a><\/p>\n<p>Margarita Perreras (Alca\u00f1ices, Zamora, 1900)\u00a0particip\u00f3 del prol\u00edfico ambiente cultural del Madrid\u00a0del primer tercio del siglo XX. Una poeta fascinante\u00a0que, pese a no pertenecer al n\u00facleo fundacional de la\u00a0Generaci\u00f3n del 27, se la debe considerar af\u00edn a \u00e9sta.<br \/>\nAsimismo, estrech\u00f3 lazos de amistad y trabajo con\u00a0algunos de ellos. En 1932 publica su \u00fanico libro de\u00a0poemas: Pez en la tierra, con un pr\u00f3logo de Benjam\u00edn\u00a0Jarn\u00e9s. Los avatares hist\u00f3ricos que sobrevendr\u00edan\u00a0con la guerra civil y la dictadura, convirtieron a<br \/>\nMargarita hoy en una completa desconocida. Los\u00a0pocos testimonios que se ten\u00edan de ella y otros\u00a0completamente in\u00e9ditos, se re\u00fanen aqu\u00ed en la introducci\u00f3n\u00a0de Fran Garcer\u00e1.<br \/>\nLa \u00faltima rescatada, de entre tantas otras, que esperan\u00a0retornar desde el silencio.<\/p>\n","protected":false},"excerpt":{"rendered":"<p>Margarita Perreras (Alca\u00f1ices, Zamora, 1900)\u00a0particip\u00f3 del prol\u00edfico ambiente cultural del Madrid\u00a0del primer tercio del siglo XX. Una poeta fascinante\u00a0que, pese a no pertenecer al n\u00facleo fundacional de la\u00a0Generaci\u00f3n del 27, se la debe considerar af\u00edn a \u00e9sta. Asimismo, estrech\u00f3 lazos de amistad y trabajo con\u00a0algunos de ellos. En 1932 publica su \u00fanico libro de\u00a0poemas: Pez en la tierra, con un pr\u00f3logo de Benjam\u00edn\u00a0Jarn\u00e9s. Los avatares hist\u00f3ricos que sobrevendr\u00edan\u00a0con la guerra civil y la dictadura, convirtieron a Margarita hoy en una completa desconocida. Los\u00a0pocos testimonios que se ten\u00edan de ella y otros\u00a0completamente in\u00e9ditos, se re\u00fanen aqu\u00ed en la introducci\u00f3n\u00a0de Fran Garcer\u00e1. La \u00faltima rescatada, de entre tantas otras, que esperan\u00a0retornar desde el silencio.<\/p>\n","protected":false},"author":2208,"featured_media":3743,"comment_status":"open","ping_status":"open","sticky":false,"template":"","format":"standard","meta":{"ngg_post_thumbnail":0},"categories":[13,60],"tags":[338,451,452,304],"_links":{"self":[{"href":"http:\/\/www.subverso.es\/index.php?rest_route=\/wp\/v2\/posts\/3742"}],"collection":[{"href":"http:\/\/www.subverso.es\/index.php?rest_route=\/wp\/v2\/posts"}],"about":[{"href":"http:\/\/www.subverso.es\/index.php?rest_route=\/wp\/v2\/types\/post"}],"author":[{"embeddable":true,"href":"http:\/\/www.subverso.es\/index.php?rest_route=\/wp\/v2\/users\/2208"}],"replies":[{"embeddable":true,"href":"http:\/\/www.subverso.es\/index.php?rest_route=%2Fwp%2Fv2%2Fcomments&post=3742"}],"version-history":[{"count":1,"href":"http:\/\/www.subverso.es\/index.php?rest_route=\/wp\/v2\/posts\/3742\/revisions"}],"predecessor-version":[{"id":3744,"href":"http:\/\/www.subverso.es\/index.php?rest_route=\/wp\/v2\/posts\/3742\/revisions\/3744"}],"wp:featuredmedia":[{"embeddable":true,"href":"http:\/\/www.subverso.es\/index.php?rest_route=\/wp\/v2\/media\/3743"}],"wp:attachment":[{"href":"http:\/\/www.subverso.es\/index.php?rest_route=%2Fwp%2Fv2%2Fmedia&parent=3742"}],"wp:term":[{"taxonomy":"category","embeddable":true,"href":"http:\/\/www.subverso.es\/index.php?rest_route=%2Fwp%2Fv2%2Fcategories&post=3742"},{"taxonomy":"post_tag","embeddable":true,"href":"http:\/\/www.subverso.es\/index.php?rest_route=%2Fwp%2Fv2%2Ftags&post=3742"}],"curies":[{"name":"wp","href":"https:\/\/api.w.org\/{rel}","templated":true}]}}