{"id":3749,"date":"2016-06-16T08:24:10","date_gmt":"2016-06-16T08:24:10","guid":{"rendered":"http:\/\/www.subverso.es\/?p=3749"},"modified":"2016-06-16T08:24:10","modified_gmt":"2016-06-16T08:24:10","slug":"aun-quedan-poetas-en-masculino-por-fermin-herrero","status":"publish","type":"post","link":"http:\/\/www.subverso.es\/?p=3749","title":{"rendered":"\u00abA\u00fan quedan poetas en masculino\u00bb, por Ferm\u00edn Herrero"},"content":{"rendered":"<p><a href=\"http:\/\/www.subverso.es\/wp-content\/uploads\/2016\/06\/AunQuedanPoetasEnMasculino.jpg\"><img loading=\"lazy\" class=\"wp-image-3750 aligncenter\" src=\"http:\/\/www.subverso.es\/wp-content\/uploads\/2016\/06\/AunQuedanPoetasEnMasculino.jpg\" alt=\"AunQuedanPoetasEnMasculino\" width=\"231\" height=\"340\" srcset=\"http:\/\/www.subverso.es\/wp-content\/uploads\/2016\/06\/AunQuedanPoetasEnMasculino.jpg 422w, http:\/\/www.subverso.es\/wp-content\/uploads\/2016\/06\/AunQuedanPoetasEnMasculino-224x330.jpg 224w\" sizes=\"(max-width: 231px) 100vw, 231px\" \/><\/a><\/p>\n<p style=\"text-align: center;\">Jes\u00fas Montiel, <em>Memoria del p\u00e1jaro<\/em>, Madrid, Hiperi\u00f3n, 2016.<\/p>\n<p>&nbsp;<\/p>\n<p>Cada primavera, en torno a la fecha del nacimiento de H\u00f6lderlin, se re\u00fane el jurado del \u2018Hiperi\u00f3n\u2019, que este a\u00f1o ha reca\u00eddo en el granadino Jes\u00fas Montiel, con su libro <em>Memoria del p\u00e1jaro<\/em>, poeta sin duda letraherido: ya en el primer poema resuena Luis Rosales y el segundo se consagra a la memoria de Marcel Proust. Sobre su po\u00e9tica son muy indicativas las dedicatorias finales, con nombres de escritores y cr\u00edticos representativos de un estilo arraigado, ce\u00f1ido a lo cotidiano, que Montiel conjuga con mucha imaginaci\u00f3n e ingenio, sustentados con frecuencia en met\u00e1foras, s\u00edmbolos y s\u00edmiles ciertamente brillantes, con tendencia a lo sentencioso, y muy bien tra\u00eddos.<\/p>\n<p>El premio \u2018Hiperi\u00f3n\u2019, dicho sea de paso, es sintom\u00e1tico, por desgracia, del panorama l\u00edrico actual. Goz\u00f3 de merecido reconocimiento con la llegada de la democracia, como heredero del predicamento del \u2018Adonais\u2019, con el que comparte la intencionalidad de descubrir a poetas menores de treinta y cinco a\u00f1os, gracias sobre todo al indudable acierto en el fallo de las primeras convocatorias, por los nuevos aires que aportaban los ganadores.<\/p>\n<p>Pues bien, sin entrar en casos puntuales, ha conservado claramente el rigor y la exigencia, es un\u00a0 galard\u00f3n de referencia, con garant\u00edas, y, sin embargo, da la impresi\u00f3n medi\u00e1tica de que ha perdido cr\u00e9dito. El motivo me parece que no es el descenso de nivel en el criterio del jurado sino el \u2018totum revolutum\u2019 en el que se ha convertido el mundillo editorial l\u00edrico, el corralillo, m\u00e1s bien gallinero, literario en general, un sindi\u00f3s en el que no voy a entrar aqu\u00ed, pero que me aventuro a pronosticar que va a liquidar, a partir de la p\u00e9rdida del principio de autoridad y de la jerarqu\u00eda est\u00e9tica, la poes\u00eda y la literatura de verdad en su conjunto. Al respecto, para no extenderme, alego simplemente uno de tantos versos lapidarios y clarividentes de Gonzalo Rojas que dec\u00eda m\u00e1s o menos as\u00ed: \u201cTodo lo copioso es poco fidedigno\u201d. Y tanto.<\/p>\n<p>Si a esto a\u00f1adimos la discriminaci\u00f3n masculina en el terreno po\u00e9tico \u2013naturalmente no extensible a otros-, evidente, basta aducir dos casos que me vienen ahora a la cabeza, podr\u00eda se\u00f1alar m\u00e1s, de libros excelentes premiados con toda justicia y que han pasado casi desapercibidos: <em>Una hoja de almendro<\/em> de Jorge Fern\u00e1ndez Gonzalo y <em>Baile de m\u00e1scaras<\/em> de Jos\u00e9 Manuel D\u00edaz, frente a la cancha que se les ha dado a otras poetas galardonadas. Puesto que el tiempo es el \u00fanico juez y cr\u00edtico inapelable, es algo flagrante, y a la vez prueba de lo que afirmo a contracorriente, a d\u00f3nde ha ido a parar la obra de algunas de estas poetas tan promocionadas.<\/p>\n<p>En consecuencia, me temo que lo tiene crudo el ganador de esta XXXI edici\u00f3n, Jes\u00fas Montiel, que adem\u00e1s ha pasado de los treinta, h\u00e1ndicap a a\u00f1adir, porque a menor edad, mayores expectativas se crean de que vuelva Rimbaud, seg\u00fan la doxa de que la juventud es un valor po\u00e9tico <em>per se<\/em>, por encima de otros m\u00e9ritos. Para m\u00ed, no obstante, todos estos inconvenientes y desventajas son un acicate, suelen alentarme a la hora de buscar nuevas voces originales. Tras leer <em>Memoria del p\u00e1jaro<\/em> creo que Montiel, aunque no conozca sus tres poemarios anteriores, tambi\u00e9n premiados, tal vez no haya encontrado a\u00fan su voz, pero sin duda posee un dominio absoluto de metros y motivos cl\u00e1sicos como el r\u00edo manrique\u00f1o o el <em>beatus ille<\/em> y al tiempo los renueva con mucha frescura expresiva y espl\u00e9ndido resultado.<\/p>\n<p>En uno de los poemas, Montiel contrapone la actualidad desechable de las noticias con la verdad imperecedera de un atardecer campestre. Y en su prologuillo \u201cDeclaraci\u00f3n de intenciones\u201d reivindica, frente al Estado, la poes\u00eda, en estos tiempos tomados por el pragmatismo de \u00edndole t\u00e9cnica, en aras del progreso a toda costa. En este sentido, todo el libro, desde su poema inicial, a trav\u00e9s de las preguntas imposibles de responder de su hijo, una bronca de pareja con reconciliaci\u00f3n incluida, el reparto de tareas dom\u00e9sticas o la pasi\u00f3n sexual, es una llamada a sentir a cada instante la vida verdadera, la dicha del amor.<\/p>\n","protected":false},"excerpt":{"rendered":"<p>Jes\u00fas Montiel, Memoria del p\u00e1jaro, Madrid, Hiperi\u00f3n, 2016. &nbsp; Cada primavera, en torno a la fecha del nacimiento de H\u00f6lderlin, se re\u00fane el jurado del \u2018Hiperi\u00f3n\u2019, que este a\u00f1o ha reca\u00eddo en el granadino Jes\u00fas Montiel, con su libro Memoria del p\u00e1jaro, poeta sin duda letraherido: ya en el primer poema resuena Luis Rosales y el segundo se consagra a la memoria de Marcel Proust. Sobre su po\u00e9tica son muy indicativas las dedicatorias finales, con nombres de escritores y cr\u00edticos representativos de un estilo arraigado, ce\u00f1ido a lo cotidiano, que Montiel conjuga con mucha imaginaci\u00f3n e ingenio, sustentados con frecuencia en met\u00e1foras, s\u00edmbolos y s\u00edmiles ciertamente brillantes, con tendencia a lo sentencioso, y muy bien tra\u00eddos. El premio \u2018Hiperi\u00f3n\u2019, dicho sea de paso, es sintom\u00e1tico, por desgracia, del panorama l\u00edrico actual. Goz\u00f3 de merecido reconocimiento con la llegada de la democracia, como heredero del predicamento del \u2018Adonais\u2019, con el que comparte la intencionalidad de descubrir a poetas menores de treinta y cinco a\u00f1os, gracias sobre todo al indudable acierto en el fallo de las primeras convocatorias, por los nuevos aires que aportaban los ganadores. Pues bien, sin entrar en casos puntuales, ha conservado claramente el rigor y la exigencia, es [&hellip;]<\/p>\n","protected":false},"author":2208,"featured_media":3750,"comment_status":"open","ping_status":"open","sticky":false,"template":"","format":"standard","meta":{"ngg_post_thumbnail":0},"categories":[13,46,60],"tags":[239,16,304],"_links":{"self":[{"href":"http:\/\/www.subverso.es\/index.php?rest_route=\/wp\/v2\/posts\/3749"}],"collection":[{"href":"http:\/\/www.subverso.es\/index.php?rest_route=\/wp\/v2\/posts"}],"about":[{"href":"http:\/\/www.subverso.es\/index.php?rest_route=\/wp\/v2\/types\/post"}],"author":[{"embeddable":true,"href":"http:\/\/www.subverso.es\/index.php?rest_route=\/wp\/v2\/users\/2208"}],"replies":[{"embeddable":true,"href":"http:\/\/www.subverso.es\/index.php?rest_route=%2Fwp%2Fv2%2Fcomments&post=3749"}],"version-history":[{"count":1,"href":"http:\/\/www.subverso.es\/index.php?rest_route=\/wp\/v2\/posts\/3749\/revisions"}],"predecessor-version":[{"id":3751,"href":"http:\/\/www.subverso.es\/index.php?rest_route=\/wp\/v2\/posts\/3749\/revisions\/3751"}],"wp:featuredmedia":[{"embeddable":true,"href":"http:\/\/www.subverso.es\/index.php?rest_route=\/wp\/v2\/media\/3750"}],"wp:attachment":[{"href":"http:\/\/www.subverso.es\/index.php?rest_route=%2Fwp%2Fv2%2Fmedia&parent=3749"}],"wp:term":[{"taxonomy":"category","embeddable":true,"href":"http:\/\/www.subverso.es\/index.php?rest_route=%2Fwp%2Fv2%2Fcategories&post=3749"},{"taxonomy":"post_tag","embeddable":true,"href":"http:\/\/www.subverso.es\/index.php?rest_route=%2Fwp%2Fv2%2Ftags&post=3749"}],"curies":[{"name":"wp","href":"https:\/\/api.w.org\/{rel}","templated":true}]}}