{"id":3786,"date":"2016-07-11T08:18:50","date_gmt":"2016-07-11T08:18:50","guid":{"rendered":"http:\/\/www.subverso.es\/?p=3786"},"modified":"2016-07-11T08:18:50","modified_gmt":"2016-07-11T08:18:50","slug":"por-fin-el-mar-de-marco-temprano","status":"publish","type":"post","link":"http:\/\/www.subverso.es\/?p=3786","title":{"rendered":"\u00abPor fin el mar\u00bb, de Marco Temprano"},"content":{"rendered":"<p>Marco Temprano, Valladolid (Espa\u00f1a) 1950. Su formaci\u00f3n pl\u00e1stica parte del estudio y composici\u00f3n durante su paso por la Escuela de Arquitectura (1969-1976) y del aprendizaje de las t\u00e9cnicas de grabado calcogr\u00e1fico, realizado en el taller municipal de Valladolid (1995-2000). Su eclecticismo le ha conducido a desarrollar m\u00faltiples t\u00e9cnicas de expresi\u00f3n: figuraci\u00f3n, abstracci\u00f3n, collage, volumen, grabado e incursiones en la poes\u00eda y el relato. Es miembro fundador del GRUPO V\/V (a\u00f1o 1999), con el que lleva editadas once carpetas de grabado, miembro de VacceArte desde su inicio (a\u00f1o 2008); socio fundador de la Asociaci\u00f3n Cultural de Grabadores de Valladolid (a\u00f1o 2012) y colaborador habitual de la Revista de Arte Atticus, donde publica relatos e ilustraciones, as\u00ed como del Anuario Vaccea que edita el Centro de Estudios Vacceos Federico Wattenberg. Dentro del mundo literario ha promovido y editado dos libros de relatos colectivos, solidarios e ilustrados, para sacar fondos para la Fundaci\u00f3n Segundo y Santiago Montes, con la que colabora desde su creaci\u00f3n en el a\u00f1o 1994: \u00abRelatos en torno al bar del teatro\u00bb (2010), escrito por veintisiete autores, \u00e9l incluido, e ilustrado con cincuenta y seis grabados suyos y \u00abTR3S\u00bb (2013) en el que intervinieron veintiocho escritores y otros tantos ilustradores, que recoge su doble colaboraci\u00f3n; as\u00ed como dos novelas: \u00abLa Dama del Teatro\u00bb (2009) y \u00abSomos nuestro equipaje\u00bb (2016).<\/p>\n<p>&nbsp;<\/p>\n<p>POR FIN EL MAR<\/p>\n<p><img loading=\"lazy\" class=\"alignnone size-full wp-image-3787\" src=\"http:\/\/www.subverso.es\/wp-content\/uploads\/2016\/07\/Marco_TempranoII.jpg\" alt=\"Marco_TempranoII\" width=\"4602\" height=\"2460\" srcset=\"http:\/\/www.subverso.es\/wp-content\/uploads\/2016\/07\/Marco_TempranoII.jpg 4602w, http:\/\/www.subverso.es\/wp-content\/uploads\/2016\/07\/Marco_TempranoII-768x411.jpg 768w, http:\/\/www.subverso.es\/wp-content\/uploads\/2016\/07\/Marco_TempranoII-330x176.jpg 330w\" sizes=\"(max-width: 4602px) 100vw, 4602px\" \/><\/p>\n<p>Por fin el mar. La espera hab\u00eda merecido la pena. Pasear la playa, pisar la arena h\u00fameda de la orilla y dejar que las olas hielen sus pies le parece la sensaci\u00f3n m\u00e1s placentera del mundo. No le importa la lluvia ni el fuerte viento que intenta arrancarle el paraguas.<\/p>\n<p>El invierno hab\u00eda sido largo, oscuro y fr\u00edo; sobre todo fr\u00edo. Demasiadas nieblas, demasiadas tristezas, demasiados sue\u00f1os rotos; todo \u00e9l hab\u00eda sido demasiado; un aut\u00e9ntico exceso de calamidades: primero, la p\u00e9rdida del empleo; despu\u00e9s, la ruptura con Marta y para rematar, la muerte de Antonio en ese absurdo accidente.<\/p>\n<p>Tras volar su paraguas, avanza encorvado para vencer la ventisca, no le importa empaparse, solo quiere llegar a las rocas donde jugaban de ni\u00f1os para echar sus cenizas al mar.<\/p>\n<p>&nbsp;<\/p>\n","protected":false},"excerpt":{"rendered":"<p>Marco Temprano, Valladolid (Espa\u00f1a) 1950. Su formaci\u00f3n pl\u00e1stica parte del estudio y composici\u00f3n durante su paso por la Escuela de Arquitectura (1969-1976) y del aprendizaje de las t\u00e9cnicas de grabado calcogr\u00e1fico, realizado en el taller municipal de Valladolid (1995-2000). Su eclecticismo le ha conducido a desarrollar m\u00faltiples t\u00e9cnicas de expresi\u00f3n: figuraci\u00f3n, abstracci\u00f3n, collage, volumen, grabado e incursiones en la poes\u00eda y el relato. Es miembro fundador del GRUPO V\/V (a\u00f1o 1999), con el que lleva editadas once carpetas de grabado, miembro de VacceArte desde su inicio (a\u00f1o 2008); socio fundador de la Asociaci\u00f3n Cultural de Grabadores de Valladolid (a\u00f1o 2012) y colaborador habitual de la Revista de Arte Atticus, donde publica relatos e ilustraciones, as\u00ed como del Anuario Vaccea que edita el Centro de Estudios Vacceos Federico Wattenberg. Dentro del mundo literario ha promovido y editado dos libros de relatos colectivos, solidarios e ilustrados, para sacar fondos para la Fundaci\u00f3n Segundo y Santiago Montes, con la que colabora desde su creaci\u00f3n en el a\u00f1o 1994: \u00abRelatos en torno al bar del teatro\u00bb (2010), escrito por veintisiete autores, \u00e9l incluido, e ilustrado con cincuenta y seis grabados suyos y \u00abTR3S\u00bb (2013) en el que intervinieron veintiocho escritores y otros tantos ilustradores, [&hellip;]<\/p>\n","protected":false},"author":2208,"featured_media":3787,"comment_status":"open","ping_status":"open","sticky":false,"template":"","format":"standard","meta":{"ngg_post_thumbnail":0},"categories":[13,45,412],"tags":[431,439,328,253,83],"_links":{"self":[{"href":"http:\/\/www.subverso.es\/index.php?rest_route=\/wp\/v2\/posts\/3786"}],"collection":[{"href":"http:\/\/www.subverso.es\/index.php?rest_route=\/wp\/v2\/posts"}],"about":[{"href":"http:\/\/www.subverso.es\/index.php?rest_route=\/wp\/v2\/types\/post"}],"author":[{"embeddable":true,"href":"http:\/\/www.subverso.es\/index.php?rest_route=\/wp\/v2\/users\/2208"}],"replies":[{"embeddable":true,"href":"http:\/\/www.subverso.es\/index.php?rest_route=%2Fwp%2Fv2%2Fcomments&post=3786"}],"version-history":[{"count":1,"href":"http:\/\/www.subverso.es\/index.php?rest_route=\/wp\/v2\/posts\/3786\/revisions"}],"predecessor-version":[{"id":3788,"href":"http:\/\/www.subverso.es\/index.php?rest_route=\/wp\/v2\/posts\/3786\/revisions\/3788"}],"wp:featuredmedia":[{"embeddable":true,"href":"http:\/\/www.subverso.es\/index.php?rest_route=\/wp\/v2\/media\/3787"}],"wp:attachment":[{"href":"http:\/\/www.subverso.es\/index.php?rest_route=%2Fwp%2Fv2%2Fmedia&parent=3786"}],"wp:term":[{"taxonomy":"category","embeddable":true,"href":"http:\/\/www.subverso.es\/index.php?rest_route=%2Fwp%2Fv2%2Fcategories&post=3786"},{"taxonomy":"post_tag","embeddable":true,"href":"http:\/\/www.subverso.es\/index.php?rest_route=%2Fwp%2Fv2%2Ftags&post=3786"}],"curies":[{"name":"wp","href":"https:\/\/api.w.org\/{rel}","templated":true}]}}